{"id":14438,"date":"2022-08-10T12:43:54","date_gmt":"2022-08-10T10:43:54","guid":{"rendered":"https:\/\/zawidow.eu\/?p=14438"},"modified":"2022-08-10T12:43:56","modified_gmt":"2022-08-10T10:43:56","slug":"nowy-dodatek-energetyczny-rzadowe-wsparcie-dla-wszystkich-zrodel-ciepla","status":"publish","type":"post","link":"https:\/\/zawidow.eu\/?p=14438","title":{"rendered":"Nowy dodatek energetyczny. Rz\u0105dowe wsparcie dla wszystkich \u017ar\u00f3de\u0142 ciep\u0142a"},"content":{"rendered":"\n<p><strong>Nie tylko pal\u0105cy w\u0119glem b\u0119d\u0105 mogli liczy\u0107 na dodatek energetyczny. Szefowa resortu klimatu i \u015brodowiska og\u0142osi\u0142a, \u017ce rz\u0105d pracuje nad przyj\u0119ciem regulacji, kt\u00f3ra ma przynie\u015b\u0107 realn\u0105 pomoc finansow\u0105 dla gospodarstw domowych dotkni\u0119tych kryzysem energetycznym. Rz\u0105dowe wsparcie ma dotyczy\u0107 wszystkich \u017ar\u00f3de\u0142 ciep\u0142a. Jakie s\u0105 kwoty dofinansowania?<\/strong><\/p>\n\n\n\n<p>Rz\u0105d przyj\u0105\u0142 za\u0142o\u017cenia do ustawy o szczeg\u00f3lnych rozwi\u0105zaniach w zakresie niekt\u00f3rych \u017ar\u00f3de\u0142 ciep\u0142a w zwi\u0105zku z sytuacj\u0105 na rynku paliw. Jak zaznaczy\u0142a szefowa resortu klimatu i \u015brodowiska Anna Moskwa, celem tej regulacji jest zapewnienie wsparcia dla du\u017cej grupy gospodarstw domowych w Polsce w pokryciu cz\u0119\u015bci koszt\u00f3w wynikaj\u0105cych ze wzrostu cen na rynku energii. \u201eProponowana pomoc finansowa wspomo\u017ce bud\u017cety domowe oraz zwi\u0119kszy poczucie bezpiecze\u0144stwa energetycznego i socjalnego\u201d \u2013 powiedzia\u0142a minister podczas konferencji prasowej, kt\u00f3ra odby\u0142a si\u0119 5 sierpnia 2022 r. w Warszawie.<\/p>\n\n\n\n<p>Zaproponowana przez Ministerstwo Klimatu i \u015arodowiska regulacja ma na celu zapewnienie wsparcia dla du\u017cej grupy gospodarstw domowych w Polsce, w tym r\u00f3wnie\u017c gospodarstw najubo\u017cszych energetycznie, w pokryciu cz\u0119\u015bci koszt\u00f3w wynikaj\u0105cych ze wzrostu cen na rynku energii, w tym koszt\u00f3w ogrzewania \u2013 powiedzia\u0142a minister Anna Moskwa.<\/p>\n\n\n\n<p>Jak doda\u0142a, proponowana pomoc finansowa w postaci dodatku wspomo\u017ce bud\u017cety domowe oraz zwi\u0119kszy poczucie bezpiecze\u0144stwa energetycznego i socjalnego mieszka\u0144c\u00f3w Polski.<\/p>\n\n\n\n<h6 class=\"wp-block-heading\"><strong>Kto mo\u017ce otrzyma\u0107 dodatek?<\/strong><\/h6>\n\n\n\n<p>Szefowa resortu klimatu i \u015brodowiska zwr\u00f3ci\u0142a uwag\u0119, \u017ce proponowane wsparcie finansowe w postaci jednorazowego dodatku dla posiadaczy niekt\u00f3rych indywidualnych \u017ar\u00f3de\u0142 ciep\u0142a wspomo\u017ce te gospodarstwa domowe, dla kt\u00f3rych g\u0142\u00f3wne \u017ar\u00f3d\u0142o ciep\u0142a zasilane jest: pelletem drzewnym, drewnem kawa\u0142kowym lub innym rodzajem biomasy, w szczeg\u00f3lno\u015bci brykietem drzewnym, s\u0142om\u0105 lub ziarnami zb\u00f3\u017c albo skroplonym gazem LPG albo olejem opa\u0142owym.<\/p>\n\n\n\n<h6 class=\"wp-block-heading\"><strong>Wysoko\u015b\u0107 wsparcia dla beneficjent\u00f3w<\/strong><\/h6>\n\n\n\n<p>Dodatek, bez prog\u00f3w dochodowych, dla w\u0142a\u015bcicieli niekt\u00f3rych indywidualnych \u017ar\u00f3de\u0142 ciep\u0142a przyznawany b\u0119dzie jednorazowo na wybrane \u017ar\u00f3d\u0142o ciep\u0142a i wynosi\u0107 b\u0119dzie odpowiednio:<\/p>\n\n\n\n<ul class=\"wp-block-list\"><li><strong>3 tys. z\u0142<\/strong> (liczba gospodarstw domowych: 390 tys.) \u2013 gdy g\u0142\u00f3wnym \u017ar\u00f3d\u0142em ogrzewania jest kocio\u0142 na paliwo sta\u0142e na pellet drzewny albo inny rodzaj biomasy, w szczeg\u00f3lno\u015bci (brykiet drzewny, s\u0142oma, ziarna zb\u00f3\u017c);<\/li><li><strong>1 tys. z\u0142 <\/strong>(liczba gospodarstw domowych: 530 tys.) \u2013 gdy g\u0142\u00f3wnym \u017ar\u00f3d\u0142em ogrzewania jest kocio\u0142 na paliwo sta\u0142e, kominek, koza, ogrzewacz powietrza, trzon kuchenny, piecokuchnia albo piec kaflowy zasilane drewnem kawa\u0142kowym;<\/li><li><strong>500 z\u0142 <\/strong>(liczba gospodarstw domowych: 150 tys.) \u2013 gdy g\u0142\u00f3wnym \u017ar\u00f3d\u0142em ogrzewania kocio\u0142 gazowy zasilany skroplonym gazem LPG;<\/li><li><strong>2 tys. z\u0142 <\/strong>(liczba gospodarstw domowych: 122 tys.) \u2013 gdy g\u0142\u00f3wnym \u017ar\u00f3d\u0142em ogrzewania kocio\u0142 olejowy.<\/li><\/ul>\n\n\n\n<h6 class=\"wp-block-heading\"><strong>\u00a0Warunki i terminy<\/strong><\/h6>\n\n\n\n<p>Warunkiem koniecznym do uzyskania dodatku jest <strong>potwierdzenie uzyskania wpisu lub zg\u0142oszenie \u017ar\u00f3d\u0142a ogrzewania do centralnej ewidencji emisyjno\u015bci budynk\u00f3w.<\/strong><\/p>\n\n\n\n<p>Dodatek w projektowanej ustawie nie przys\u0142uguje gospodarstwom domowym, kt\u00f3re z\u0142o\u017cy\u0142y wniosek lub kt\u00f3rym przyznano dodatek w\u0119glowy. <\/p>\n\n\n\n<p>Termin na sk\u0142adanie do gminy w\u0142a\u015bciwej ze wzgl\u0119du na miejsce zamieszkania wniosk\u00f3w o wyp\u0142at\u0119 up\u0142ywa 30 listopada 2022 roku.<\/p>\n\n\n\n<h6 class=\"wp-block-heading\"><strong>Kto zyska<\/strong>?<\/h6>\n\n\n\n<p>Minister Anna Moskwa podkre\u015bli\u0142a, \u017ce dzi\u0119ki temu rozwi\u0105zaniu m.in.: odbiorcy w \u00a0gospodarstwach domowych, wsp\u00f3lnoty mieszkaniowe, \u017c\u0142obki, szko\u0142y, szpitale i domy pomocy spo\u0142ecznej zostan\u0105 obj\u0119te rz\u0105dowym wsparciem i tym samym ograniczeniu ulegnie wzrost ich rachunk\u00f3w za ciep\u0142o.<\/p>\n\n\n\n<p><strong>Okres obowi\u0105zywania wsparcia<\/strong><\/p>\n\n\n\n<p>Wsparcie b\u0119dzie obowi\u0105zywa\u0142o od pa\u017adziernika 2022r.<\/p>\n\n\n\n<p>\u0179r\u00f3d\u0142o: www.gov.pl<\/p>\n","protected":false},"excerpt":{"rendered":"<p>Nie tylko pal\u0105cy w\u0119glem b\u0119d\u0105 mogli liczy\u0107 na dodatek energetyczny. Szefowa resortu klimatu i \u015brodowiska og\u0142osi\u0142a, \u017ce rz\u0105d pracuje nad<\/p>\n","protected":false},"author":2,"featured_media":14439,"comment_status":"closed","ping_status":"closed","sticky":false,"template":"","format":"standard","meta":{"rop_custom_images_group":[],"rop_custom_messages_group":[],"rop_publish_now":"initial","rop_publish_now_accounts":[],"rop_publish_now_history":[],"rop_publish_now_status":"pending","_exactmetrics_skip_tracking":false,"_exactmetrics_sitenote_active":false,"_exactmetrics_sitenote_note":"","_exactmetrics_sitenote_category":0,"ngg_post_thumbnail":0,"footnotes":""},"categories":[25,26],"tags":[],"class_list":["post-14438","post","type-post","status-publish","format-standard","has-post-thumbnail","hentry","category-aktualnosci","category-wiadomosci"],"_links":{"self":[{"href":"https:\/\/zawidow.eu\/index.php?rest_route=\/wp\/v2\/posts\/14438","targetHints":{"allow":["GET"]}}],"collection":[{"href":"https:\/\/zawidow.eu\/index.php?rest_route=\/wp\/v2\/posts"}],"about":[{"href":"https:\/\/zawidow.eu\/index.php?rest_route=\/wp\/v2\/types\/post"}],"author":[{"embeddable":true,"href":"https:\/\/zawidow.eu\/index.php?rest_route=\/wp\/v2\/users\/2"}],"replies":[{"embeddable":true,"href":"https:\/\/zawidow.eu\/index.php?rest_route=%2Fwp%2Fv2%2Fcomments&post=14438"}],"version-history":[{"count":1,"href":"https:\/\/zawidow.eu\/index.php?rest_route=\/wp\/v2\/posts\/14438\/revisions"}],"predecessor-version":[{"id":14440,"href":"https:\/\/zawidow.eu\/index.php?rest_route=\/wp\/v2\/posts\/14438\/revisions\/14440"}],"wp:featuredmedia":[{"embeddable":true,"href":"https:\/\/zawidow.eu\/index.php?rest_route=\/wp\/v2\/media\/14439"}],"wp:attachment":[{"href":"https:\/\/zawidow.eu\/index.php?rest_route=%2Fwp%2Fv2%2Fmedia&parent=14438"}],"wp:term":[{"taxonomy":"category","embeddable":true,"href":"https:\/\/zawidow.eu\/index.php?rest_route=%2Fwp%2Fv2%2Fcategories&post=14438"},{"taxonomy":"post_tag","embeddable":true,"href":"https:\/\/zawidow.eu\/index.php?rest_route=%2Fwp%2Fv2%2Ftags&post=14438"}],"curies":[{"name":"wp","href":"https:\/\/api.w.org\/{rel}","templated":true}]}}