{"id":15304,"date":"2022-09-01T14:53:47","date_gmt":"2022-09-01T12:53:47","guid":{"rendered":"https:\/\/zawidow.eu\/?p=15304"},"modified":"2022-09-01T14:53:49","modified_gmt":"2022-09-01T12:53:49","slug":"zabrzmial-pierwszy-dzwonek-dzieci-wrocily-do-szkoly","status":"publish","type":"post","link":"https:\/\/zawidow.eu\/?p=15304","title":{"rendered":"Zabrzmia\u0142 pierwszy dzwonek \u2013 dzieci wr\u00f3ci\u0142y do szko\u0142y\u00a0\u00a0"},"content":{"rendered":"\n<p><strong>Koniec wakacyjnej laby.\u00a0Po dwumiesi\u0119cznej przerwie\u00a0zawidowscy\u00a0uczniowie\u00a0powr\u00f3cili do szkolnych \u0142awek. Uczni\u00f3w powitali nauczyciele, dyrekcja i burmistrz miasta.<\/strong> <\/p>\n\n\n\n<p>Nowy rok szkolny 2022\/2023 zainaugurowa\u0142 uroczysty apel, kt\u00f3ry tradycyjnie odby\u0142 si\u0119 w sali sportowej im. Marianny i W\u0142adys\u0142awa Margas\u00f3w.<\/p>\n\n\n\n<p>Po od\u015bpiewaniu hymnu pa\u0144stwowego g\u0142os zabra\u0142 dyrektor SP\u00a0<strong>Krzysztof Mach<\/strong>, kt\u00f3ry przywita\u0142 uczni\u00f3w, rodzic\u00f3w i wszystkich pracownik\u00f3w plac\u00f3wki o\u015bwiatowej. Dyrektor \u017cyczy\u0142 uczniom wielu sukces\u00f3w szkolnych i rado\u015bci ze zdobywania wiedzy.\u00a0<\/p>\n\n\n\n<p>&#8211; Matematyka pomaga nam zrozumie\u0107 i opisa\u0107 \u015bwiat, geografia ukazuje jego pi\u0119kno, a historia uczy, \u017ce warto szanowa\u0107 tera\u017aniejszo\u015b\u0107. \u2013 Mam nadziej\u0119, \u017ce z ka\u017cdej lekcji wyniesiecie to, co najwa\u017cniejsze i zdobyt\u0105 wiedz\u0119 b\u0119dziecie skutecznie wykorzystywa\u0107 w \u017cyciu codziennym \u00ad\u2013 podkre\u015bla\u0142 w swoim wyst\u0105pieniu burmistrz\u00a0<strong>Robert \u0141\u0119\u017cny<\/strong>.\u00a0<\/p>\n\n\n\n<p>Po uroczystym apelu uczniowie udali si\u0119 wraz z wychowawcami do swoich klas, aby przywita\u0107 si\u0119 i om\u00f3wi\u0107 sprawy organizacyjne. <\/p>\n\n\n\n<p>Rozpocz\u0119ty w\u0142a\u015bnie rok szkolny 2022\/23 potrwa do 23 czerwca 2023 roku i b\u0119dzie mia\u0142 110 dni wolnych od nauki.\u00a0<\/p>\n\n\n\n<p>Wszystkim dzieciom \u017cyczymy fantastycznych wynik\u00f3w w nauce, samych ciekawych lekcji i wielu przyja\u017ani. Natomiast nauczycielom i pracownikom o\u015bwiaty spokojnej pracy, daj\u0105cej satysfakcj\u0119 osobist\u0105 i szacunek otoczenia.<\/p>\n\n\n\n<p>Specjalnych \u017cycze\u0144 nie mo\u017ce zabrakn\u0105\u0107 r\u00f3wnie\u017c dla najm\u0142odszych uczni\u00f3w, kt\u00f3rzy nie\u015bmia\u0142o wkroczyli w szkolne progi. Dla Was niech ten czas oka\u017ce si\u0119 wielk\u0105 przygod\u0105, pe\u0142n\u0105 niespodzianek i mi\u0142ych wra\u017ce\u0144.\u00a0<\/p>\n\n\n\nngg_shortcode_0_placeholder\n","protected":false},"excerpt":{"rendered":"<p>Koniec wakacyjnej laby.\u00a0Po dwumiesi\u0119cznej przerwie\u00a0zawidowscy\u00a0uczniowie\u00a0powr\u00f3cili do szkolnych \u0142awek. Uczni\u00f3w powitali nauczyciele, dyrekcja i burmistrz miasta. Nowy rok szkolny 2022\/2023 zainaugurowa\u0142<\/p>\n","protected":false},"author":2,"featured_media":15430,"comment_status":"closed","ping_status":"closed","sticky":false,"template":"","format":"standard","meta":{"rop_custom_images_group":[],"rop_custom_messages_group":[],"rop_publish_now":"initial","rop_publish_now_accounts":[],"rop_publish_now_history":[],"rop_publish_now_status":"pending","_exactmetrics_skip_tracking":false,"_exactmetrics_sitenote_active":false,"_exactmetrics_sitenote_note":"","_exactmetrics_sitenote_category":0,"ngg_post_thumbnail":0,"footnotes":""},"categories":[25,26],"tags":[77],"class_list":["post-15304","post","type-post","status-publish","format-standard","has-post-thumbnail","hentry","category-aktualnosci","category-wiadomosci","tag-sp-w-zawidowie"],"_links":{"self":[{"href":"https:\/\/zawidow.eu\/index.php?rest_route=\/wp\/v2\/posts\/15304","targetHints":{"allow":["GET"]}}],"collection":[{"href":"https:\/\/zawidow.eu\/index.php?rest_route=\/wp\/v2\/posts"}],"about":[{"href":"https:\/\/zawidow.eu\/index.php?rest_route=\/wp\/v2\/types\/post"}],"author":[{"embeddable":true,"href":"https:\/\/zawidow.eu\/index.php?rest_route=\/wp\/v2\/users\/2"}],"replies":[{"embeddable":true,"href":"https:\/\/zawidow.eu\/index.php?rest_route=%2Fwp%2Fv2%2Fcomments&post=15304"}],"version-history":[{"count":1,"href":"https:\/\/zawidow.eu\/index.php?rest_route=\/wp\/v2\/posts\/15304\/revisions"}],"predecessor-version":[{"id":15431,"href":"https:\/\/zawidow.eu\/index.php?rest_route=\/wp\/v2\/posts\/15304\/revisions\/15431"}],"wp:featuredmedia":[{"embeddable":true,"href":"https:\/\/zawidow.eu\/index.php?rest_route=\/wp\/v2\/media\/15430"}],"wp:attachment":[{"href":"https:\/\/zawidow.eu\/index.php?rest_route=%2Fwp%2Fv2%2Fmedia&parent=15304"}],"wp:term":[{"taxonomy":"category","embeddable":true,"href":"https:\/\/zawidow.eu\/index.php?rest_route=%2Fwp%2Fv2%2Fcategories&post=15304"},{"taxonomy":"post_tag","embeddable":true,"href":"https:\/\/zawidow.eu\/index.php?rest_route=%2Fwp%2Fv2%2Ftags&post=15304"}],"curies":[{"name":"wp","href":"https:\/\/api.w.org\/{rel}","templated":true}]}}