{"id":16428,"date":"2023-01-31T07:27:25","date_gmt":"2023-01-31T06:27:25","guid":{"rendered":"https:\/\/zawidow.eu\/?p=16428"},"modified":"2023-01-31T07:27:27","modified_gmt":"2023-01-31T06:27:27","slug":"prognoza-pogody-od-godz-0730-dnia-31-01-2023-do-godz-0730-dnia-02-02-2023","status":"publish","type":"post","link":"https:\/\/zawidow.eu\/?p=16428","title":{"rendered":"PROGNOZA POGODY od godz. 07:30 dnia 31.01.2023 do godz. 07:30 dnia 02.02.2023"},"content":{"rendered":"\n<figure class=\"wp-block-table\"><table><tbody><tr><td><img decoding=\"async\" src=\"\" width=\"72\" height=\"71\"><\/td><td><strong>Instytut Meteorologii i Gospodarki Wodnej &#8211; Pa\u0144stwowy Instytut Badawczy<\/strong><strong><\/strong> <strong>Biuro Prognoz Meteorologicznych Dy\u017curny synoptyk<\/strong><\/td><\/tr><tr><td><\/td><td>51-616 Wroc\u0142aw ul. Parkowa 30<br>tel: 071-320-01-50 fax: 071-348-73-37<br><a href=\"mailto:meteo.wroclaw@imgw.pl\">meteo.wroclaw@imgw.pl<\/a> <a href=\"http:\/\/www.imgw.pl\">www.imgw.pl<\/a><\/td><\/tr><\/tbody><\/table><\/figure>\n\n\n\n<pre class=\"wp-block-preformatted\"><strong>PROGNOZA POGODY DLA WOJ. DOLNO\u015aL\u0104SKIEGO<\/strong><\/pre>\n\n\n\n<pre class=\"wp-block-preformatted\">Wa\u017cno\u015b\u0107: od godz. 07:30 dnia 31.01.2023 <\/pre>\n\n\n\n<pre class=\"wp-block-preformatted\">&nbsp;&nbsp;&nbsp;&nbsp;&nbsp;&nbsp;&nbsp;&nbsp;&nbsp;do godz. 07:30 dnia 01.02.2023 <\/pre>\n\n\n\n<p>W dzie\u0144 zachmurzenie na og\u00f3\u0142 du\u017ce, tylko przed po\u0142udniem wi\u0119ksze przeja\u015bnienia. Pocz\u0105tkowo przelotne opady deszczu lub deszczu ze \u015bniegiem, a po po\u0142udniu i wieczorem, od zachodu regionu b\u0119d\u0105 post\u0119powa\u0107 opady ci\u0105g\u0142ego deszczu. Temperatura maksymalna od 2\u00b0C do 4\u00b0C. Wiatr umiarkowany, porywisty, po po\u0142udniu w porywach do 60 km\/h, zachodni.<br>W nocy zachmurzenie na og\u00f3\u0142 du\u017ce. Okresami opady deszczu, zw\u0142aszcza przed p\u00f3\u0142noc\u0105. Temperatura minimalna od 0\u00b0C do 2\u00b0C. Wiatr umiarkowany i do\u015b\u0107 silny, w porywach do 60 km\/h, zachodni.<br><strong>Prognoza dla Sudet\u00f3w i Przedg\u00f3rza Sudeckiego<\/strong><br>W dzie\u0144 zachmurzenie na og\u00f3\u0142 du\u017ce. Okresami opady \u015bniegu, a po po\u0142udniu i wieczorem, na zachodzie regionu tak\u017ce deszczu ze \u015bniegiem. W rejonie powy\u017cej 600 m n.p.m., \u015bnieg i tam przyrost pokrywy \u015bnie\u017cnej do 5 cm. Temperatura maksymalna od 0\u00b0C do 2\u00b0C. Wiatr umiarkowany, okresami porywisty, po po\u0142udniu w porywach do 65 km\/h, zachodni.<br>&nbsp; W szczytowych partiach Sudet\u00f3w (powy\u017cej 1200 m n.p.m.) okresami opady \u015bniegu. Prognozowany przyrost pokrywy \u015bnie\u017cnej w Karkonoszach do 8 cm. Temperatura od -8\u00b0C do -5\u00b0C. Wiatr od 80 km\/h do 90 km\/h, w porywach do 120 km\/h, p\u00f3\u0142nocno-zachodni, powodowa\u0107 b\u0119dzie zawieje i zamiecie \u015bnie\u017cne.<br><br>W nocy zachmurzenie du\u017ce. Okresami opady deszczu i deszczu ze \u015bniegiem, w rejonie powy\u017cej 600 m n.p.m., opady \u015bniegu i tam przyrost pokrywy \u015bnie\u017cnej o oko\u0142o 5 cm. Temperatura minimalna od -1\u00b0C do 1\u00b0C. Wiatr umiarkowany, okresami do\u015b\u0107 silny, w porywach do 65 km\/h, zachodni i p\u00f3\u0142nocno-zachodni, miejscami powoduj\u0105cy zawieje i zamiecie \u015bnie\u017cne.<br>&nbsp; W szczytowych partiach Sudet\u00f3w (powy\u017cej 1200 m n.p.m.) okresami opady \u015bniegu.&nbsp; Prognozowany przyrost pokrywy \u015bnie\u017cnej do 5 cm. Temperatura od -6\u00b0C do -4\u00b0C. Wiatr od 80 km\/h do 90 km\/h, w porywach do 130 km\/h, zachodni i p\u00f3\u0142nocno-zachodni, powoduj\u0105cy zawieje i zamiecie \u015bnie\u017cne.<\/p>\n\n\n\n<pre class=\"wp-block-preformatted\">Wa\u017cno\u015b\u0107: od godz. 07:30 dnia 01.02.2023<\/pre>\n\n\n\n<pre class=\"wp-block-preformatted\">&nbsp;&nbsp;&nbsp;&nbsp;&nbsp;&nbsp;&nbsp;&nbsp; do godz. 07:30 dnia 02.02.2023 <\/pre>\n\n\n\n<p>W dzie\u0144 zachmurzenie na og\u00f3\u0142 du\u017ce. Okresami opady deszczu. Temperatura maksymalna od 3\u00b0C do 5\u00b0C. Wiatr umiarkowany i do\u015b\u0107 silny, w porywach do 65 km\/h, zachodni.<br>W nocy zachmurzenie du\u017ce. Okresami opady deszczu i deszczu ze \u015bniegiem. Temperatura minimalna od 0\u00b0C do 2\u00b0C. Wiatr umiarkowany i do\u015b\u0107 silny, w porywach do 65 km\/h, zachodni i p\u00f3\u0142nocno-zachodni.<br><strong>Prognoza dla Sudet\u00f3w i Przedg\u00f3rza Sudeckiego<\/strong><br>W dzie\u0144 zachmurzenie przewa\u017cnie du\u017ce. Okresami opady deszczu ze \u015bniegiem i&nbsp; deszczu, w rejonie powy\u017cej 500 m n.p.m., \u015bnieg i tam przyrost pokrywy \u015bnie\u017cnej do 10 cm. Temperatura maksymalna od 1\u00b0C do 3\u00b0C. Wiatr umiarkowany i do\u015b\u0107 silny, w porywach oko\u0142o 70 km\/h, zachodni.<br>&nbsp; W szczytowych partiach Sudet\u00f3w (powy\u017cej 1200 m n.p.m.) okresami opady \u015bniegu. Prognozowany przyrost pokrywy \u015bnie\u017cnej o oko\u0142o 10 cm. Temperatura od -7\u00b0C do -5\u00b0C. Wiatr od 90 km\/h do 100 km\/h, w porywach do 140 km\/h, zachodni i p\u00f3\u0142nocno-zachodni, powoduj\u0105cy zawieje i zamiecie \u015bnie\u017cne.<br><br>W nocy zachmurzenie du\u017ce. Okresami opady \u015bniegu i deszczu ze \u015bniegiem, w rejonie powy\u017cej 600 m n.p.m., opady \u015bniegu i tam przyrost pokrywy \u015bnie\u017cnej do 5 cm. Temperatura minimalna od -1\u00b0C do 1\u00b0C. Wiatr umiarkowany, okresami do\u015b\u0107 silny, w porywach oko\u0142o 70 km\/h, zachodni i p\u00f3\u0142nocno-zachodni, miejscami powoduj\u0105cy zawieje i zamiecie \u015bnie\u017cne.<br>&nbsp; W szczytowych partiach Sudet\u00f3w (powy\u017cej 1200 m n.p.m.) okresami opady \u015bniegu. Prognozowany przyrost pokrywy \u015bnie\u017cnej o oko\u0142o 5 cm. Temperatura od -7\u00b0C do -5\u00b0C. Wiatr od 90 km\/h&nbsp; s\u0142abn\u0105cy do 70 km\/h, w porywach od 120 km\/h do 100 km\/h, zachodni i p\u00f3\u0142nocno-zachodni, powoduj\u0105cy zawieje i zamiecie \u015bnie\u017cne.<\/p>\n\n\n\n<figure class=\"wp-block-table\"><table><tbody><tr><td>prognoza nr 18319\/2023<\/td><td>opracowa\u0142 synoptyk dy\u017curny Barbara Wrona, dnia 2023-01-31 06:16<\/td><\/tr><\/tbody><\/table><\/figure>\n","protected":false},"excerpt":{"rendered":"<p>Instytut Meteorologii i Gospodarki Wodnej &#8211; Pa\u0144stwowy Instytut Badawczy Biuro Prognoz Meteorologicznych Dy\u017curny synoptyk 51-616 Wroc\u0142aw ul. Parkowa 30tel: 071-320-01-50<\/p>\n","protected":false},"author":5,"featured_media":0,"comment_status":"closed","ping_status":"closed","sticky":false,"template":"","format":"standard","meta":{"rop_custom_images_group":[],"rop_custom_messages_group":[],"rop_publish_now":"initial","rop_publish_now_accounts":[],"rop_publish_now_history":[],"rop_publish_now_status":"pending","_exactmetrics_skip_tracking":false,"_exactmetrics_sitenote_active":false,"_exactmetrics_sitenote_note":"","_exactmetrics_sitenote_category":0,"ngg_post_thumbnail":0,"footnotes":""},"categories":[31],"tags":[],"class_list":["post-16428","post","type-post","status-publish","format-standard","hentry","category-zarzadzanie-kryzysowe"],"_links":{"self":[{"href":"https:\/\/zawidow.eu\/index.php?rest_route=\/wp\/v2\/posts\/16428","targetHints":{"allow":["GET"]}}],"collection":[{"href":"https:\/\/zawidow.eu\/index.php?rest_route=\/wp\/v2\/posts"}],"about":[{"href":"https:\/\/zawidow.eu\/index.php?rest_route=\/wp\/v2\/types\/post"}],"author":[{"embeddable":true,"href":"https:\/\/zawidow.eu\/index.php?rest_route=\/wp\/v2\/users\/5"}],"replies":[{"embeddable":true,"href":"https:\/\/zawidow.eu\/index.php?rest_route=%2Fwp%2Fv2%2Fcomments&post=16428"}],"version-history":[{"count":1,"href":"https:\/\/zawidow.eu\/index.php?rest_route=\/wp\/v2\/posts\/16428\/revisions"}],"predecessor-version":[{"id":16429,"href":"https:\/\/zawidow.eu\/index.php?rest_route=\/wp\/v2\/posts\/16428\/revisions\/16429"}],"wp:attachment":[{"href":"https:\/\/zawidow.eu\/index.php?rest_route=%2Fwp%2Fv2%2Fmedia&parent=16428"}],"wp:term":[{"taxonomy":"category","embeddable":true,"href":"https:\/\/zawidow.eu\/index.php?rest_route=%2Fwp%2Fv2%2Fcategories&post=16428"},{"taxonomy":"post_tag","embeddable":true,"href":"https:\/\/zawidow.eu\/index.php?rest_route=%2Fwp%2Fv2%2Ftags&post=16428"}],"curies":[{"name":"wp","href":"https:\/\/api.w.org\/{rel}","templated":true}]}}