{"id":1847,"date":"2019-04-03T10:19:04","date_gmt":"2019-04-03T08:19:04","guid":{"rendered":"http:\/\/192.168.87.23\/zawidow\/?p=1847"},"modified":"2019-05-23T07:23:32","modified_gmt":"2019-05-23T05:23:32","slug":"szkolne-eliminacje-do-powiatowego-konkursu-recytatorskiego","status":"publish","type":"post","link":"https:\/\/zawidow.eu\/?p=1847","title":{"rendered":"Szkolne eliminacje do powiatowego konkursu recytatorskiego"},"content":{"rendered":"\n<p><strong>W czwartek, 2\ufe0f8. marca w SP w Zawidowie odby\u0142y si\u0119 szkolne  eliminacje do powiatowego konkursu recytatorskiego. Do konkursu  przyst\u0105pi\u0142o 17 recytator\u00f3w z klas IV-VI, kt\u00f3rzy wcze\u015bniej okazali si\u0119  najlepszymi recytatorami w swoich klasach.<\/strong><\/p>\n\n\n\n<p>Komisja konkursowa w sk\u0142adzie: dyrektor <strong>Krzysztof Mach<\/strong> &#8211; przewodnicz\u0105cy,  <strong>Anetta Baran<\/strong> i <strong>Monika Kapszewicz<\/strong>&#8211; cz\u0142onkinie, nagrodzi\u0142a najlepszych  deklamator\u00f3w. <\/p>\n\n\n\n<ol class=\"wp-block-list\"><li><strong>miejsce Tyberiusz Paj\u0105k,<\/strong> klasa IV B <\/li><li><strong>miejsc<\/strong>e<strong> Marta Borodacz, <\/strong> klasa IV B <\/li><li> <strong>miejsc<\/strong>e<strong> Eliza Polowa, <\/strong> klasa VI B <\/li><\/ol>\n\n\n\n<p> Wyr\u00f3\u017cnienia otrzyma\u0142y uczennice klasy IV A : <\/p>\n\n\n\n<ul class=\"wp-block-list\"><li> <strong>Karina Mi\u0142kowska, <\/strong><\/li><li> <strong>Vanessa Piosna<\/strong> <\/li><li> <strong>Emilia W\u0119ckowska<\/strong> <\/li><\/ul>\n\n\n\n<blockquote class=\"wp-block-quote is-layout-flow wp-block-quote-is-layout-flow\"><p>G\u0142o\u015bne m\u00f3wienie poezji to niezwyk\u0142a okazja do obcowania z literatur\u0105   pi\u0119kn\u0105 i mo\u017cliwo\u015b\u0107 zaprezentowania swoich umiej\u0119tno\u015bci interpretacyjnych   \u2013 akcentowa\u0142a<strong> Monika Kapszewicz<\/strong>, organizatorka konkursu w SP . <\/p><\/blockquote>\n\n\n\n<p>Ca\u0142a sz\u00f3stka nagrodzonych w szkolnym konkursie b\u0119dzie reprezentowa\u0107  zawidowsk\u0105 podstaw\u00f3wk\u0119 w trakcie zmaga\u0144 powiatowych, kt\u00f3re odb\u0119d\u0105 si\u0119 29  kwietnia 2019r. w Zgorzelcu. <\/p>\n\n\n\n<p> <strong>Gratulujemy i \u017cyczymy powodzenia w kolejnych etapach konkursu!<\/strong> <\/p>\n\n\n\nngg_shortcode_0_placeholder\n\n\n\n<p><br><\/p>\n","protected":false},"excerpt":{"rendered":"<p>W czwartek, 2\ufe0f8. marca w SP w Zawidowie odby\u0142y si\u0119 szkolne eliminacje do powiatowego konkursu recytatorskiego. Do konkursu przyst\u0105pi\u0142o 17<\/p>\n","protected":false},"author":2,"featured_media":1849,"comment_status":"closed","ping_status":"closed","sticky":false,"template":"","format":"standard","meta":{"rop_custom_images_group":[],"rop_custom_messages_group":[],"rop_publish_now":"initial","rop_publish_now_accounts":[],"rop_publish_now_history":[],"rop_publish_now_status":"pending","_exactmetrics_skip_tracking":false,"_exactmetrics_sitenote_active":false,"_exactmetrics_sitenote_note":"","_exactmetrics_sitenote_category":0,"ngg_post_thumbnail":0,"footnotes":""},"categories":[26],"tags":[92,77],"class_list":["post-1847","post","type-post","status-publish","format-standard","has-post-thumbnail","hentry","category-wiadomosci","tag-konkurs","tag-sp-w-zawidowie"],"_links":{"self":[{"href":"https:\/\/zawidow.eu\/index.php?rest_route=\/wp\/v2\/posts\/1847","targetHints":{"allow":["GET"]}}],"collection":[{"href":"https:\/\/zawidow.eu\/index.php?rest_route=\/wp\/v2\/posts"}],"about":[{"href":"https:\/\/zawidow.eu\/index.php?rest_route=\/wp\/v2\/types\/post"}],"author":[{"embeddable":true,"href":"https:\/\/zawidow.eu\/index.php?rest_route=\/wp\/v2\/users\/2"}],"replies":[{"embeddable":true,"href":"https:\/\/zawidow.eu\/index.php?rest_route=%2Fwp%2Fv2%2Fcomments&post=1847"}],"version-history":[{"count":6,"href":"https:\/\/zawidow.eu\/index.php?rest_route=\/wp\/v2\/posts\/1847\/revisions"}],"predecessor-version":[{"id":3118,"href":"https:\/\/zawidow.eu\/index.php?rest_route=\/wp\/v2\/posts\/1847\/revisions\/3118"}],"wp:featuredmedia":[{"embeddable":true,"href":"https:\/\/zawidow.eu\/index.php?rest_route=\/wp\/v2\/media\/1849"}],"wp:attachment":[{"href":"https:\/\/zawidow.eu\/index.php?rest_route=%2Fwp%2Fv2%2Fmedia&parent=1847"}],"wp:term":[{"taxonomy":"category","embeddable":true,"href":"https:\/\/zawidow.eu\/index.php?rest_route=%2Fwp%2Fv2%2Fcategories&post=1847"},{"taxonomy":"post_tag","embeddable":true,"href":"https:\/\/zawidow.eu\/index.php?rest_route=%2Fwp%2Fv2%2Ftags&post=1847"}],"curies":[{"name":"wp","href":"https:\/\/api.w.org\/{rel}","templated":true}]}}