{"id":20270,"date":"2025-01-23T14:18:02","date_gmt":"2025-01-23T13:18:02","guid":{"rendered":"https:\/\/zawidow.eu\/?p=20270"},"modified":"2025-01-23T14:20:07","modified_gmt":"2025-01-23T13:20:07","slug":"rusza-obowiazkowa-segregacja-tekstyliow","status":"publish","type":"post","link":"https:\/\/zawidow.eu\/?p=20270","title":{"rendered":"Rusza obowi\u0105zkowa segregacja tekstyli\u00f3w"},"content":{"rendered":"\n<p><strong>Od 2025 roku, zgodnie z przepisami UE, wchodzi w \u017cycie obowi\u0105zek selektywnego zbierania odpad\u00f3w typu: tekstylia, odzie\u017c, obuwie. To zadanie gmin, kt\u00f3re jest realizowane w ramach Punkt\u00f3w Selektywnego Zbierania Odpad\u00f3w Komunalnych (PSZOK). To tam powinny trafia\u0107 rzeczy, kt\u00f3rym mo\u017cna da\u0107 drugie \u017cycie!<\/strong><\/p>\n\n\n\n<p>Zgodnie z przepisami przyj\u0119tymi w Polsce w 2019 roku, od 1 stycznia 2025 gminy maj\u0105 obowi\u0105zek selektywnego zbierania odpadk\u00f3w tekstylnych. To oznacza, \u017ce w PSZOKach, a wi\u0119c Punktach Selektywnego Zbierania Odpad\u00f3w Komunalnych, b\u0119dzie mo\u017cna odda\u0107 zu\u017cyte materia\u0142y tekstylne, odzie\u017c i obuwie.&nbsp;<\/p>\n\n\n\n<p class=\"leftblue\"><strong>Co zalicza si\u0119 do odpad\u00f3w tekstyli\u00f3w?<\/strong><\/p>\n\n\n\n<p>Selektywna zbi\u00f3rka odpad\u00f3w tekstyli\u00f3w i odzie\u017cy obejmuje mi\u0119dzy innymi zu\u017cyt\u0105 odzie\u017c, obuwie, po\u015bciel, zas\u0142ony, r\u0119czniki, obrusy, koce, firany, bielizn\u0119, skarpetki, r\u0119kawiczki, czapki, szaliki, portfele, torebki, paski, galanteri\u0119 sk\u00f3rzan\u0105, plecaki, pluszowe zabawki oraz dywany.<\/p>\n\n\n\n<p>Niebawem w zawidowskim PSZOK-u pojawi\u0105 si\u0119 dwa specjalistyczne pojemniki: jeden przeznaczony do zbi\u00f3rki <strong>odzie\u017cy<\/strong>, a drugi \u2013 <strong>tekstyli\u00f3w<\/strong>. Pojemniki dodatkowo b\u0119d\u0105 odpowiednio oznakowane oraz opatrzone informacjami dotycz\u0105cymi w\u0142a\u015bciwego rodzaju odpad\u00f3w, kt\u00f3re nale\u017cy do nich wrzuca\u0107.<\/p>\n\n\n\n<p>Grafika: www.gov.pl<\/p>\n\n\n<div class=\"wp-block-image\">\n<figure class=\"alignright size-large\"><img fetchpriority=\"high\" decoding=\"async\" width=\"1024\" height=\"859\" src=\"https:\/\/zawidow.eu\/wp-content\/uploads\/2025\/01\/Odziez-1-1024x859.jpg\" alt=\"\" class=\"wp-image-20271\" srcset=\"https:\/\/zawidow.eu\/wp-content\/uploads\/2025\/01\/Odziez-1-1024x859.jpg 1024w, https:\/\/zawidow.eu\/wp-content\/uploads\/2025\/01\/Odziez-1-300x252.jpg 300w, https:\/\/zawidow.eu\/wp-content\/uploads\/2025\/01\/Odziez-1-768x644.jpg 768w, https:\/\/zawidow.eu\/wp-content\/uploads\/2025\/01\/Odziez-1-1536x1288.jpg 1536w, https:\/\/zawidow.eu\/wp-content\/uploads\/2025\/01\/Odziez-1.jpg 2048w\" sizes=\"(max-width: 1024px) 100vw, 1024px\" \/><figcaption class=\"wp-element-caption\">#SegregujeMYtekstylia\/ZGiUK<\/figcaption><\/figure>\n<\/div>\n\n\n<p><\/p>\n","protected":false},"excerpt":{"rendered":"<p>Od 2025 roku, zgodnie z przepisami UE, wchodzi w \u017cycie obowi\u0105zek selektywnego zbierania odpad\u00f3w typu: tekstylia, odzie\u017c, obuwie. To zadanie<\/p>\n","protected":false},"author":2,"featured_media":20272,"comment_status":"closed","ping_status":"closed","sticky":false,"template":"","format":"standard","meta":{"rop_custom_images_group":[],"rop_custom_messages_group":[],"rop_publish_now":"initial","rop_publish_now_accounts":[],"rop_publish_now_history":[],"rop_publish_now_status":"pending","_exactmetrics_skip_tracking":false,"_exactmetrics_sitenote_active":false,"_exactmetrics_sitenote_note":"","_exactmetrics_sitenote_category":0,"ngg_post_thumbnail":0,"footnotes":""},"categories":[25,26],"tags":[211],"class_list":["post-20270","post","type-post","status-publish","format-standard","has-post-thumbnail","hentry","category-aktualnosci","category-wiadomosci","tag-pszok"],"_links":{"self":[{"href":"https:\/\/zawidow.eu\/index.php?rest_route=\/wp\/v2\/posts\/20270","targetHints":{"allow":["GET"]}}],"collection":[{"href":"https:\/\/zawidow.eu\/index.php?rest_route=\/wp\/v2\/posts"}],"about":[{"href":"https:\/\/zawidow.eu\/index.php?rest_route=\/wp\/v2\/types\/post"}],"author":[{"embeddable":true,"href":"https:\/\/zawidow.eu\/index.php?rest_route=\/wp\/v2\/users\/2"}],"replies":[{"embeddable":true,"href":"https:\/\/zawidow.eu\/index.php?rest_route=%2Fwp%2Fv2%2Fcomments&post=20270"}],"version-history":[{"count":2,"href":"https:\/\/zawidow.eu\/index.php?rest_route=\/wp\/v2\/posts\/20270\/revisions"}],"predecessor-version":[{"id":20275,"href":"https:\/\/zawidow.eu\/index.php?rest_route=\/wp\/v2\/posts\/20270\/revisions\/20275"}],"wp:featuredmedia":[{"embeddable":true,"href":"https:\/\/zawidow.eu\/index.php?rest_route=\/wp\/v2\/media\/20272"}],"wp:attachment":[{"href":"https:\/\/zawidow.eu\/index.php?rest_route=%2Fwp%2Fv2%2Fmedia&parent=20270"}],"wp:term":[{"taxonomy":"category","embeddable":true,"href":"https:\/\/zawidow.eu\/index.php?rest_route=%2Fwp%2Fv2%2Fcategories&post=20270"},{"taxonomy":"post_tag","embeddable":true,"href":"https:\/\/zawidow.eu\/index.php?rest_route=%2Fwp%2Fv2%2Ftags&post=20270"}],"curies":[{"name":"wp","href":"https:\/\/api.w.org\/{rel}","templated":true}]}}